{"id":247,"date":"2016-09-22T10:52:39","date_gmt":"2016-09-22T09:52:39","guid":{"rendered":"http:\/\/lafarandole-vaison.fr\/lafarandole-vaison.fr\/?p=247"},"modified":"2016-09-22T10:59:26","modified_gmt":"2016-09-22T09:59:26","slug":"collection-panier-sens-setoffe","status":"publish","type":"post","link":"https:\/\/lafarandole-vaison.fr\/lafarandole-vaison.fr\/collection-panier-sens-setoffe\/","title":{"rendered":"La collection \u00ab\u00a0Panier des Sens\u00a0\u00bb s&rsquo;enrichie."},"content":{"rendered":"<p>&nbsp;<\/p>\n<p><strong>De nouveaux produits sont disponibles en magasin comme les bougies parfum\u00e9es aux huiles essentielles. <\/strong><\/p>\n<p>Gr\u00e2ce \u00e0 un savoir faire artisanal, ils sont parvenu \u00e0 une restitution parfaite du concentr\u00e9 de parfum, chaque bougie b\u00e9n\u00e9ficie d\u2019un assemblage unique, de cires de qualit\u00e9: des cires min\u00e9rales dures, de provenance control\u00e9e, enrichies de cires v\u00e9g\u00e9tales.\u00a0M\u00e8che naturelle 100% coton.<\/p>\n<p>&nbsp;<\/p>\n<p><img loading=\"lazy\" decoding=\"async\" class=\"alignnone size-full wp-image-248\" src=\"https:\/\/lafarandole-vaison.fr\/lafarandole-vaison.fr\/wp-content\/uploads\/2016\/09\/DSC07393-e1474537936875.jpg\" alt=\"dsc07393\" width=\"1930\" height=\"1177\" srcset=\"https:\/\/lafarandole-vaison.fr\/lafarandole-vaison.fr\/wp-content\/uploads\/2016\/09\/DSC07393-e1474537936875.jpg 1930w, https:\/\/lafarandole-vaison.fr\/lafarandole-vaison.fr\/wp-content\/uploads\/2016\/09\/DSC07393-e1474537936875-300x183.jpg 300w, https:\/\/lafarandole-vaison.fr\/lafarandole-vaison.fr\/wp-content\/uploads\/2016\/09\/DSC07393-e1474537936875-768x468.jpg 768w, https:\/\/lafarandole-vaison.fr\/lafarandole-vaison.fr\/wp-content\/uploads\/2016\/09\/DSC07393-e1474537936875-1024x624.jpg 1024w\" sizes=\"(max-width: 1930px) 100vw, 1930px\" \/><strong>Ainsi que les savons karit\u00e9 extra doux, qui offrent une palette de senteurs proven\u00e7ales<br \/>\n<\/strong><\/p>\n<p>Respectant la tradition des ma\u00eetres savonniers, les savons sont fabriqu\u00e9s \u00e0 partir d\u2019une base d\u2019huiles v\u00e9g\u00e9tales extra-douce, enrichie de beurre de karit\u00e9, aux propri\u00e9t\u00e9s hydratante, restructurante et adoucissante. Leur mousse onctueuse, fine et agr\u00e9ablement parfum\u00e9e nettoie quotidiennement la peau en douceur tout en pr\u00e9servant son \u00e9quilibre naturel.<\/p>\n<div id=\"themify_builder_content-247\" data-postid=\"247\" class=\"themify_builder_content themify_builder_content-247 themify_builder themify_builder_front\">\n\n\t<\/div>\n<!-- \/themify_builder_content -->","protected":false},"excerpt":{"rendered":"<p>&nbsp; De nouveaux produits sont disponibles en magasin comme les bougies parfum\u00e9es aux huiles essentielles. Gr\u00e2ce \u00e0 un savoir faire artisanal, ils sont parvenu \u00e0 une restitution parfaite du concentr\u00e9 de parfum, chaque bougie b\u00e9n\u00e9ficie d\u2019un assemblage unique, de cires de qualit\u00e9: des cires min\u00e9rales dures, de provenance control\u00e9e, enrichies de cires v\u00e9g\u00e9tales.\u00a0M\u00e8che naturelle 100% [&hellip;]<\/p>\n","protected":false},"author":2,"featured_media":251,"comment_status":"closed","ping_status":"open","sticky":false,"template":"","format":"standard","meta":{"footnotes":""},"categories":[62,60],"tags":[],"class_list":["post-247","post","type-post","status-publish","format-standard","has-post-thumbnail","hentry","category-beaute","category-savon","has-post-title","has-post-date","has-post-category","has-post-tag","has-post-comment","has-post-author"],"yoast_head":"<!-- This site is optimized with the Yoast SEO plugin v23.4 - https:\/\/yoast.com\/wordpress\/plugins\/seo\/ -->\n<title>La collection &quot;Panier des Sens&quot; s&#039;enrichie. - La Farandole<\/title>\n<meta name=\"robots\" content=\"index, follow, max-snippet:-1, max-image-preview:large, max-video-preview:-1\" \/>\n<link rel=\"canonical\" href=\"https:\/\/lafarandole-vaison.fr\/lafarandole-vaison.fr\/collection-panier-sens-setoffe\/\" \/>\n<meta property=\"og:locale\" content=\"fr_FR\" \/>\n<meta property=\"og:type\" content=\"article\" \/>\n<meta property=\"og:title\" content=\"La collection &quot;Panier des Sens&quot; s&#039;enrichie. - La Farandole\" \/>\n<meta property=\"og:description\" content=\"&nbsp; De nouveaux produits sont disponibles en magasin comme les bougies parfum\u00e9es aux huiles essentielles. Gr\u00e2ce \u00e0 un savoir faire artisanal, ils sont parvenu \u00e0 une restitution parfaite du concentr\u00e9 de parfum, chaque bougie b\u00e9n\u00e9ficie d\u2019un assemblage unique, de cires de qualit\u00e9: des cires min\u00e9rales dures, de provenance control\u00e9e, enrichies de cires v\u00e9g\u00e9tales.\u00a0M\u00e8che naturelle 100% [&hellip;]\" \/>\n<meta property=\"og:url\" content=\"https:\/\/lafarandole-vaison.fr\/lafarandole-vaison.fr\/collection-panier-sens-setoffe\/\" \/>\n<meta property=\"og:site_name\" content=\"La Farandole\" \/>\n<meta property=\"article:published_time\" content=\"2016-09-22T09:52:39+00:00\" \/>\n<meta property=\"article:modified_time\" content=\"2016-09-22T09:59:26+00:00\" \/>\n<meta property=\"og:image\" content=\"https:\/\/lafarandole-vaison.fr\/lafarandole-vaison.fr\/wp-content\/uploads\/2016\/09\/DSC07380-e1474538239285.jpg\" \/>\n\t<meta property=\"og:image:width\" content=\"2032\" \/>\n\t<meta property=\"og:image:height\" content=\"1367\" \/>\n\t<meta property=\"og:image:type\" content=\"image\/jpeg\" \/>\n<meta name=\"author\" content=\"Camille Leydier\" \/>\n<meta name=\"twitter:card\" content=\"summary_large_image\" \/>\n<meta name=\"twitter:label1\" content=\"\u00c9crit par\" \/>\n\t<meta name=\"twitter:data1\" content=\"Camille Leydier\" \/>\n\t<meta name=\"twitter:label2\" content=\"Dur\u00e9e de lecture estim\u00e9e\" \/>\n\t<meta name=\"twitter:data2\" content=\"1 minute\" \/>\n<script type=\"application\/ld+json\" class=\"yoast-schema-graph\">{\"@context\":\"https:\/\/schema.org\",\"@graph\":[{\"@type\":\"Article\",\"@id\":\"https:\/\/lafarandole-vaison.fr\/lafarandole-vaison.fr\/collection-panier-sens-setoffe\/#article\",\"isPartOf\":{\"@id\":\"https:\/\/lafarandole-vaison.fr\/lafarandole-vaison.fr\/collection-panier-sens-setoffe\/\"},\"author\":{\"name\":\"Camille Leydier\",\"@id\":\"https:\/\/lafarandole-vaison.fr\/lafarandole-vaison.fr\/#\/schema\/person\/3d8cd0362e79b91ec3da0763a49596e9\"},\"headline\":\"La collection \u00ab\u00a0Panier des Sens\u00a0\u00bb s&rsquo;enrichie.\",\"datePublished\":\"2016-09-22T09:52:39+00:00\",\"dateModified\":\"2016-09-22T09:59:26+00:00\",\"mainEntityOfPage\":{\"@id\":\"https:\/\/lafarandole-vaison.fr\/lafarandole-vaison.fr\/collection-panier-sens-setoffe\/\"},\"wordCount\":143,\"publisher\":{\"@id\":\"https:\/\/lafarandole-vaison.fr\/lafarandole-vaison.fr\/#organization\"},\"image\":{\"@id\":\"https:\/\/lafarandole-vaison.fr\/lafarandole-vaison.fr\/collection-panier-sens-setoffe\/#primaryimage\"},\"thumbnailUrl\":\"https:\/\/lafarandole-vaison.fr\/lafarandole-vaison.fr\/wp-content\/uploads\/2016\/09\/DSC07380-e1474538239285.jpg\",\"articleSection\":[\"beaut\u00e9\",\"savon\"],\"inLanguage\":\"fr-FR\"},{\"@type\":\"WebPage\",\"@id\":\"https:\/\/lafarandole-vaison.fr\/lafarandole-vaison.fr\/collection-panier-sens-setoffe\/\",\"url\":\"https:\/\/lafarandole-vaison.fr\/lafarandole-vaison.fr\/collection-panier-sens-setoffe\/\",\"name\":\"La collection \\\"Panier des Sens\\\" s'enrichie. - La Farandole\",\"isPartOf\":{\"@id\":\"https:\/\/lafarandole-vaison.fr\/lafarandole-vaison.fr\/#website\"},\"primaryImageOfPage\":{\"@id\":\"https:\/\/lafarandole-vaison.fr\/lafarandole-vaison.fr\/collection-panier-sens-setoffe\/#primaryimage\"},\"image\":{\"@id\":\"https:\/\/lafarandole-vaison.fr\/lafarandole-vaison.fr\/collection-panier-sens-setoffe\/#primaryimage\"},\"thumbnailUrl\":\"https:\/\/lafarandole-vaison.fr\/lafarandole-vaison.fr\/wp-content\/uploads\/2016\/09\/DSC07380-e1474538239285.jpg\",\"datePublished\":\"2016-09-22T09:52:39+00:00\",\"dateModified\":\"2016-09-22T09:59:26+00:00\",\"breadcrumb\":{\"@id\":\"https:\/\/lafarandole-vaison.fr\/lafarandole-vaison.fr\/collection-panier-sens-setoffe\/#breadcrumb\"},\"inLanguage\":\"fr-FR\",\"potentialAction\":[{\"@type\":\"ReadAction\",\"target\":[\"https:\/\/lafarandole-vaison.fr\/lafarandole-vaison.fr\/collection-panier-sens-setoffe\/\"]}]},{\"@type\":\"ImageObject\",\"inLanguage\":\"fr-FR\",\"@id\":\"https:\/\/lafarandole-vaison.fr\/lafarandole-vaison.fr\/collection-panier-sens-setoffe\/#primaryimage\",\"url\":\"https:\/\/lafarandole-vaison.fr\/lafarandole-vaison.fr\/wp-content\/uploads\/2016\/09\/DSC07380-e1474538239285.jpg\",\"contentUrl\":\"https:\/\/lafarandole-vaison.fr\/lafarandole-vaison.fr\/wp-content\/uploads\/2016\/09\/DSC07380-e1474538239285.jpg\",\"width\":2032,\"height\":1367},{\"@type\":\"BreadcrumbList\",\"@id\":\"https:\/\/lafarandole-vaison.fr\/lafarandole-vaison.fr\/collection-panier-sens-setoffe\/#breadcrumb\",\"itemListElement\":[{\"@type\":\"ListItem\",\"position\":1,\"name\":\"Accueil\",\"item\":\"https:\/\/lafarandole-vaison.fr\/lafarandole-vaison.fr\/\"},{\"@type\":\"ListItem\",\"position\":2,\"name\":\"La collection \u00ab\u00a0Panier des Sens\u00a0\u00bb s&rsquo;enrichie.\"}]},{\"@type\":\"WebSite\",\"@id\":\"https:\/\/lafarandole-vaison.fr\/lafarandole-vaison.fr\/#website\",\"url\":\"https:\/\/lafarandole-vaison.fr\/lafarandole-vaison.fr\/\",\"name\":\"La Farandole\",\"description\":\"\",\"publisher\":{\"@id\":\"https:\/\/lafarandole-vaison.fr\/lafarandole-vaison.fr\/#organization\"},\"potentialAction\":[{\"@type\":\"SearchAction\",\"target\":{\"@type\":\"EntryPoint\",\"urlTemplate\":\"https:\/\/lafarandole-vaison.fr\/lafarandole-vaison.fr\/?s={search_term_string}\"},\"query-input\":{\"@type\":\"PropertyValueSpecification\",\"valueRequired\":true,\"valueName\":\"search_term_string\"}}],\"inLanguage\":\"fr-FR\"},{\"@type\":\"Organization\",\"@id\":\"https:\/\/lafarandole-vaison.fr\/lafarandole-vaison.fr\/#organization\",\"name\":\"La Farandole\",\"url\":\"https:\/\/lafarandole-vaison.fr\/lafarandole-vaison.fr\/\",\"logo\":{\"@type\":\"ImageObject\",\"inLanguage\":\"fr-FR\",\"@id\":\"https:\/\/lafarandole-vaison.fr\/lafarandole-vaison.fr\/#\/schema\/logo\/image\/\",\"url\":\"https:\/\/lafarandole-vaison.fr\/lafarandole-vaison.fr\/wp-content\/uploads\/2016\/03\/logo-la-farandole-04.png\",\"contentUrl\":\"https:\/\/lafarandole-vaison.fr\/lafarandole-vaison.fr\/wp-content\/uploads\/2016\/03\/logo-la-farandole-04.png\",\"width\":129,\"height\":40,\"caption\":\"La Farandole\"},\"image\":{\"@id\":\"https:\/\/lafarandole-vaison.fr\/lafarandole-vaison.fr\/#\/schema\/logo\/image\/\"}},{\"@type\":\"Person\",\"@id\":\"https:\/\/lafarandole-vaison.fr\/lafarandole-vaison.fr\/#\/schema\/person\/3d8cd0362e79b91ec3da0763a49596e9\",\"name\":\"Camille Leydier\",\"image\":{\"@type\":\"ImageObject\",\"inLanguage\":\"fr-FR\",\"@id\":\"https:\/\/lafarandole-vaison.fr\/lafarandole-vaison.fr\/#\/schema\/person\/image\/\",\"url\":\"https:\/\/secure.gravatar.com\/avatar\/853e994008bd3a97b60a23e5ba53cb30?s=96&d=blank&r=g\",\"contentUrl\":\"https:\/\/secure.gravatar.com\/avatar\/853e994008bd3a97b60a23e5ba53cb30?s=96&d=blank&r=g\",\"caption\":\"Camille Leydier\"},\"url\":\"https:\/\/lafarandole-vaison.fr\/lafarandole-vaison.fr\/author\/camille\/\"}]}<\/script>\n<!-- \/ Yoast SEO plugin. -->","yoast_head_json":{"title":"La collection \"Panier des Sens\" s'enrichie. - La Farandole","robots":{"index":"index","follow":"follow","max-snippet":"max-snippet:-1","max-image-preview":"max-image-preview:large","max-video-preview":"max-video-preview:-1"},"canonical":"https:\/\/lafarandole-vaison.fr\/lafarandole-vaison.fr\/collection-panier-sens-setoffe\/","og_locale":"fr_FR","og_type":"article","og_title":"La collection \"Panier des Sens\" s'enrichie. - La Farandole","og_description":"&nbsp; De nouveaux produits sont disponibles en magasin comme les bougies parfum\u00e9es aux huiles essentielles. Gr\u00e2ce \u00e0 un savoir faire artisanal, ils sont parvenu \u00e0 une restitution parfaite du concentr\u00e9 de parfum, chaque bougie b\u00e9n\u00e9ficie d\u2019un assemblage unique, de cires de qualit\u00e9: des cires min\u00e9rales dures, de provenance control\u00e9e, enrichies de cires v\u00e9g\u00e9tales.\u00a0M\u00e8che naturelle 100% [&hellip;]","og_url":"https:\/\/lafarandole-vaison.fr\/lafarandole-vaison.fr\/collection-panier-sens-setoffe\/","og_site_name":"La Farandole","article_published_time":"2016-09-22T09:52:39+00:00","article_modified_time":"2016-09-22T09:59:26+00:00","og_image":[{"width":2032,"height":1367,"url":"https:\/\/lafarandole-vaison.fr\/lafarandole-vaison.fr\/wp-content\/uploads\/2016\/09\/DSC07380-e1474538239285.jpg","type":"image\/jpeg"}],"author":"Camille Leydier","twitter_card":"summary_large_image","twitter_misc":{"\u00c9crit par":"Camille Leydier","Dur\u00e9e de lecture estim\u00e9e":"1 minute"},"schema":{"@context":"https:\/\/schema.org","@graph":[{"@type":"Article","@id":"https:\/\/lafarandole-vaison.fr\/lafarandole-vaison.fr\/collection-panier-sens-setoffe\/#article","isPartOf":{"@id":"https:\/\/lafarandole-vaison.fr\/lafarandole-vaison.fr\/collection-panier-sens-setoffe\/"},"author":{"name":"Camille Leydier","@id":"https:\/\/lafarandole-vaison.fr\/lafarandole-vaison.fr\/#\/schema\/person\/3d8cd0362e79b91ec3da0763a49596e9"},"headline":"La collection \u00ab\u00a0Panier des Sens\u00a0\u00bb s&rsquo;enrichie.","datePublished":"2016-09-22T09:52:39+00:00","dateModified":"2016-09-22T09:59:26+00:00","mainEntityOfPage":{"@id":"https:\/\/lafarandole-vaison.fr\/lafarandole-vaison.fr\/collection-panier-sens-setoffe\/"},"wordCount":143,"publisher":{"@id":"https:\/\/lafarandole-vaison.fr\/lafarandole-vaison.fr\/#organization"},"image":{"@id":"https:\/\/lafarandole-vaison.fr\/lafarandole-vaison.fr\/collection-panier-sens-setoffe\/#primaryimage"},"thumbnailUrl":"https:\/\/lafarandole-vaison.fr\/lafarandole-vaison.fr\/wp-content\/uploads\/2016\/09\/DSC07380-e1474538239285.jpg","articleSection":["beaut\u00e9","savon"],"inLanguage":"fr-FR"},{"@type":"WebPage","@id":"https:\/\/lafarandole-vaison.fr\/lafarandole-vaison.fr\/collection-panier-sens-setoffe\/","url":"https:\/\/lafarandole-vaison.fr\/lafarandole-vaison.fr\/collection-panier-sens-setoffe\/","name":"La collection \"Panier des Sens\" s'enrichie. - La Farandole","isPartOf":{"@id":"https:\/\/lafarandole-vaison.fr\/lafarandole-vaison.fr\/#website"},"primaryImageOfPage":{"@id":"https:\/\/lafarandole-vaison.fr\/lafarandole-vaison.fr\/collection-panier-sens-setoffe\/#primaryimage"},"image":{"@id":"https:\/\/lafarandole-vaison.fr\/lafarandole-vaison.fr\/collection-panier-sens-setoffe\/#primaryimage"},"thumbnailUrl":"https:\/\/lafarandole-vaison.fr\/lafarandole-vaison.fr\/wp-content\/uploads\/2016\/09\/DSC07380-e1474538239285.jpg","datePublished":"2016-09-22T09:52:39+00:00","dateModified":"2016-09-22T09:59:26+00:00","breadcrumb":{"@id":"https:\/\/lafarandole-vaison.fr\/lafarandole-vaison.fr\/collection-panier-sens-setoffe\/#breadcrumb"},"inLanguage":"fr-FR","potentialAction":[{"@type":"ReadAction","target":["https:\/\/lafarandole-vaison.fr\/lafarandole-vaison.fr\/collection-panier-sens-setoffe\/"]}]},{"@type":"ImageObject","inLanguage":"fr-FR","@id":"https:\/\/lafarandole-vaison.fr\/lafarandole-vaison.fr\/collection-panier-sens-setoffe\/#primaryimage","url":"https:\/\/lafarandole-vaison.fr\/lafarandole-vaison.fr\/wp-content\/uploads\/2016\/09\/DSC07380-e1474538239285.jpg","contentUrl":"https:\/\/lafarandole-vaison.fr\/lafarandole-vaison.fr\/wp-content\/uploads\/2016\/09\/DSC07380-e1474538239285.jpg","width":2032,"height":1367},{"@type":"BreadcrumbList","@id":"https:\/\/lafarandole-vaison.fr\/lafarandole-vaison.fr\/collection-panier-sens-setoffe\/#breadcrumb","itemListElement":[{"@type":"ListItem","position":1,"name":"Accueil","item":"https:\/\/lafarandole-vaison.fr\/lafarandole-vaison.fr\/"},{"@type":"ListItem","position":2,"name":"La collection \u00ab\u00a0Panier des Sens\u00a0\u00bb s&rsquo;enrichie."}]},{"@type":"WebSite","@id":"https:\/\/lafarandole-vaison.fr\/lafarandole-vaison.fr\/#website","url":"https:\/\/lafarandole-vaison.fr\/lafarandole-vaison.fr\/","name":"La Farandole","description":"","publisher":{"@id":"https:\/\/lafarandole-vaison.fr\/lafarandole-vaison.fr\/#organization"},"potentialAction":[{"@type":"SearchAction","target":{"@type":"EntryPoint","urlTemplate":"https:\/\/lafarandole-vaison.fr\/lafarandole-vaison.fr\/?s={search_term_string}"},"query-input":{"@type":"PropertyValueSpecification","valueRequired":true,"valueName":"search_term_string"}}],"inLanguage":"fr-FR"},{"@type":"Organization","@id":"https:\/\/lafarandole-vaison.fr\/lafarandole-vaison.fr\/#organization","name":"La Farandole","url":"https:\/\/lafarandole-vaison.fr\/lafarandole-vaison.fr\/","logo":{"@type":"ImageObject","inLanguage":"fr-FR","@id":"https:\/\/lafarandole-vaison.fr\/lafarandole-vaison.fr\/#\/schema\/logo\/image\/","url":"https:\/\/lafarandole-vaison.fr\/lafarandole-vaison.fr\/wp-content\/uploads\/2016\/03\/logo-la-farandole-04.png","contentUrl":"https:\/\/lafarandole-vaison.fr\/lafarandole-vaison.fr\/wp-content\/uploads\/2016\/03\/logo-la-farandole-04.png","width":129,"height":40,"caption":"La Farandole"},"image":{"@id":"https:\/\/lafarandole-vaison.fr\/lafarandole-vaison.fr\/#\/schema\/logo\/image\/"}},{"@type":"Person","@id":"https:\/\/lafarandole-vaison.fr\/lafarandole-vaison.fr\/#\/schema\/person\/3d8cd0362e79b91ec3da0763a49596e9","name":"Camille Leydier","image":{"@type":"ImageObject","inLanguage":"fr-FR","@id":"https:\/\/lafarandole-vaison.fr\/lafarandole-vaison.fr\/#\/schema\/person\/image\/","url":"https:\/\/secure.gravatar.com\/avatar\/853e994008bd3a97b60a23e5ba53cb30?s=96&d=blank&r=g","contentUrl":"https:\/\/secure.gravatar.com\/avatar\/853e994008bd3a97b60a23e5ba53cb30?s=96&d=blank&r=g","caption":"Camille Leydier"},"url":"https:\/\/lafarandole-vaison.fr\/lafarandole-vaison.fr\/author\/camille\/"}]}},"_links":{"self":[{"href":"https:\/\/lafarandole-vaison.fr\/lafarandole-vaison.fr\/wp-json\/wp\/v2\/posts\/247"}],"collection":[{"href":"https:\/\/lafarandole-vaison.fr\/lafarandole-vaison.fr\/wp-json\/wp\/v2\/posts"}],"about":[{"href":"https:\/\/lafarandole-vaison.fr\/lafarandole-vaison.fr\/wp-json\/wp\/v2\/types\/post"}],"author":[{"embeddable":true,"href":"https:\/\/lafarandole-vaison.fr\/lafarandole-vaison.fr\/wp-json\/wp\/v2\/users\/2"}],"replies":[{"embeddable":true,"href":"https:\/\/lafarandole-vaison.fr\/lafarandole-vaison.fr\/wp-json\/wp\/v2\/comments?post=247"}],"version-history":[{"count":5,"href":"https:\/\/lafarandole-vaison.fr\/lafarandole-vaison.fr\/wp-json\/wp\/v2\/posts\/247\/revisions"}],"predecessor-version":[{"id":254,"href":"https:\/\/lafarandole-vaison.fr\/lafarandole-vaison.fr\/wp-json\/wp\/v2\/posts\/247\/revisions\/254"}],"wp:featuredmedia":[{"embeddable":true,"href":"https:\/\/lafarandole-vaison.fr\/lafarandole-vaison.fr\/wp-json\/wp\/v2\/media\/251"}],"wp:attachment":[{"href":"https:\/\/lafarandole-vaison.fr\/lafarandole-vaison.fr\/wp-json\/wp\/v2\/media?parent=247"}],"wp:term":[{"taxonomy":"category","embeddable":true,"href":"https:\/\/lafarandole-vaison.fr\/lafarandole-vaison.fr\/wp-json\/wp\/v2\/categories?post=247"},{"taxonomy":"post_tag","embeddable":true,"href":"https:\/\/lafarandole-vaison.fr\/lafarandole-vaison.fr\/wp-json\/wp\/v2\/tags?post=247"}],"curies":[{"name":"wp","href":"https:\/\/api.w.org\/{rel}","templated":true}]}}