{"id":197,"date":"2016-03-23T11:06:26","date_gmt":"2016-03-23T10:06:26","guid":{"rendered":"http:\/\/lafarandole-vaison.fr\/lafarandole-vaison.fr\/?p=197"},"modified":"2016-05-08T11:25:26","modified_gmt":"2016-05-08T10:25:26","slug":"197-2","status":"publish","type":"post","link":"https:\/\/lafarandole-vaison.fr\/lafarandole-vaison.fr\/en\/197-2\/","title":{"rendered":"Scents of Provence"},"content":{"rendered":"<p>Since February we offer a new line of scents that attracted us both its aesthetics and the quality of products.<\/p>\n<p>Indeed, it is in the South of France that the products \u00ab\u00a0Panier des Sens\u00a0\u00bb were born. Inspired raw materials and expertise Mediterranean, care ranges, toilet and fresh water, magnify the beauty of Provence through elegant products with subtle textures and fine fragrances.<\/p>\n<p>Combining nature and research, it gathers the best of Provence to develop treatments from ingredients and natural active ingredients, simple and authentic.<\/p>\n<p>\u00ab\u00a0Panier des Sens\u00a0\u00bb deliberately chooses the majority of its local partners to support the development of the local economy. The brand weaves sincere human relationships with producers involved in the preservation of landscapes, heritage but also jobs in the region.<\/p>\n<p>It creates formulas concentrated in natural active ingredients and essential oils and are committed to developing products that are both effective and environmentally friendly. Thus products Cart Senses are guaranteed:<br \/>\n&#8211; paraben<br \/>\n&#8211; phenoxyethanol<br \/>\n&#8211; silicones<br \/>\n&#8211; Aluminum<\/p>\n<p>All products \u00ab\u00a0Panier des Sens\u00a0\u00bb is guaranteed not tested on animals.<\/p>\n<p>Feel free to come and try these new products in stores.<\/p>\n<div id=\"themify_builder_content-197\" data-postid=\"197\" class=\"themify_builder_content themify_builder_content-197 themify_builder themify_builder_front\">\n\n\t<\/div>\n<!-- \/themify_builder_content -->","protected":false},"excerpt":{"rendered":"<p>Since February we offer a new line of scents that attracted us both its aesthetics and the quality of products. Indeed, it is in the South of France that the products \u00ab\u00a0Panier des Sens\u00a0\u00bb were born. Inspired raw materials and expertise Mediterranean, care ranges, toilet and fresh water, magnify the beauty of Provence through elegant [&hellip;]<\/p>\n","protected":false},"author":2,"featured_media":155,"comment_status":"closed","ping_status":"open","sticky":false,"template":"","format":"standard","meta":{"footnotes":""},"categories":[76],"tags":[],"class_list":["post-197","post","type-post","status-publish","format-standard","has-post-thumbnail","hentry","category-beauty","has-post-title","has-post-date","has-post-category","has-post-tag","has-post-comment","has-post-author"],"yoast_head":"<!-- This site is optimized with the Yoast SEO plugin v23.4 - https:\/\/yoast.com\/wordpress\/plugins\/seo\/ -->\n<title>Scents of Provence - La Farandole<\/title>\n<meta name=\"robots\" content=\"index, follow, max-snippet:-1, max-image-preview:large, max-video-preview:-1\" \/>\n<link rel=\"canonical\" href=\"https:\/\/lafarandole-vaison.fr\/lafarandole-vaison.fr\/en\/197-2\/\" \/>\n<meta property=\"og:locale\" content=\"fr_FR\" \/>\n<meta property=\"og:type\" content=\"article\" \/>\n<meta property=\"og:title\" content=\"Scents of Provence - La Farandole\" \/>\n<meta property=\"og:description\" content=\"Since February we offer a new line of scents that attracted us both its aesthetics and the quality of products. Indeed, it is in the South of France that the products \u00ab\u00a0Panier des Sens\u00a0\u00bb were born. Inspired raw materials and expertise Mediterranean, care ranges, toilet and fresh water, magnify the beauty of Provence through elegant [&hellip;]\" \/>\n<meta property=\"og:url\" content=\"https:\/\/lafarandole-vaison.fr\/lafarandole-vaison.fr\/en\/197-2\/\" \/>\n<meta property=\"og:site_name\" content=\"La Farandole\" \/>\n<meta property=\"article:published_time\" content=\"2016-03-23T10:06:26+00:00\" \/>\n<meta property=\"article:modified_time\" content=\"2016-05-08T10:25:26+00:00\" \/>\n<meta property=\"og:image\" content=\"https:\/\/lafarandole-vaison.fr\/lafarandole-vaison.fr\/wp-content\/uploads\/2016\/03\/panier-des-sens.jpg\" \/>\n\t<meta property=\"og:image:width\" content=\"1716\" \/>\n\t<meta property=\"og:image:height\" content=\"973\" \/>\n\t<meta property=\"og:image:type\" content=\"image\/jpeg\" \/>\n<meta name=\"author\" content=\"Camille Leydier\" \/>\n<meta name=\"twitter:card\" content=\"summary_large_image\" \/>\n<meta name=\"twitter:label1\" content=\"\u00c9crit par\" \/>\n\t<meta name=\"twitter:data1\" content=\"Camille Leydier\" \/>\n\t<meta name=\"twitter:label2\" content=\"Dur\u00e9e de lecture estim\u00e9e\" \/>\n\t<meta name=\"twitter:data2\" content=\"1 minute\" \/>\n<script type=\"application\/ld+json\" class=\"yoast-schema-graph\">{\"@context\":\"https:\/\/schema.org\",\"@graph\":[{\"@type\":\"Article\",\"@id\":\"https:\/\/lafarandole-vaison.fr\/lafarandole-vaison.fr\/en\/197-2\/#article\",\"isPartOf\":{\"@id\":\"https:\/\/lafarandole-vaison.fr\/lafarandole-vaison.fr\/en\/197-2\/\"},\"author\":{\"name\":\"Camille Leydier\",\"@id\":\"https:\/\/lafarandole-vaison.fr\/lafarandole-vaison.fr\/#\/schema\/person\/3d8cd0362e79b91ec3da0763a49596e9\"},\"headline\":\"Scents of Provence\",\"datePublished\":\"2016-03-23T10:06:26+00:00\",\"dateModified\":\"2016-05-08T10:25:26+00:00\",\"mainEntityOfPage\":{\"@id\":\"https:\/\/lafarandole-vaison.fr\/lafarandole-vaison.fr\/en\/197-2\/\"},\"wordCount\":187,\"publisher\":{\"@id\":\"https:\/\/lafarandole-vaison.fr\/lafarandole-vaison.fr\/#organization\"},\"image\":{\"@id\":\"https:\/\/lafarandole-vaison.fr\/lafarandole-vaison.fr\/en\/197-2\/#primaryimage\"},\"thumbnailUrl\":\"https:\/\/lafarandole-vaison.fr\/lafarandole-vaison.fr\/wp-content\/uploads\/2016\/03\/panier-des-sens.jpg\",\"articleSection\":[\"beauty\"],\"inLanguage\":\"fr-FR\"},{\"@type\":\"WebPage\",\"@id\":\"https:\/\/lafarandole-vaison.fr\/lafarandole-vaison.fr\/en\/197-2\/\",\"url\":\"https:\/\/lafarandole-vaison.fr\/lafarandole-vaison.fr\/en\/197-2\/\",\"name\":\"Scents of Provence - La Farandole\",\"isPartOf\":{\"@id\":\"https:\/\/lafarandole-vaison.fr\/lafarandole-vaison.fr\/#website\"},\"primaryImageOfPage\":{\"@id\":\"https:\/\/lafarandole-vaison.fr\/lafarandole-vaison.fr\/en\/197-2\/#primaryimage\"},\"image\":{\"@id\":\"https:\/\/lafarandole-vaison.fr\/lafarandole-vaison.fr\/en\/197-2\/#primaryimage\"},\"thumbnailUrl\":\"https:\/\/lafarandole-vaison.fr\/lafarandole-vaison.fr\/wp-content\/uploads\/2016\/03\/panier-des-sens.jpg\",\"datePublished\":\"2016-03-23T10:06:26+00:00\",\"dateModified\":\"2016-05-08T10:25:26+00:00\",\"breadcrumb\":{\"@id\":\"https:\/\/lafarandole-vaison.fr\/lafarandole-vaison.fr\/en\/197-2\/#breadcrumb\"},\"inLanguage\":\"fr-FR\",\"potentialAction\":[{\"@type\":\"ReadAction\",\"target\":[\"https:\/\/lafarandole-vaison.fr\/lafarandole-vaison.fr\/en\/197-2\/\"]}]},{\"@type\":\"ImageObject\",\"inLanguage\":\"fr-FR\",\"@id\":\"https:\/\/lafarandole-vaison.fr\/lafarandole-vaison.fr\/en\/197-2\/#primaryimage\",\"url\":\"https:\/\/lafarandole-vaison.fr\/lafarandole-vaison.fr\/wp-content\/uploads\/2016\/03\/panier-des-sens.jpg\",\"contentUrl\":\"https:\/\/lafarandole-vaison.fr\/lafarandole-vaison.fr\/wp-content\/uploads\/2016\/03\/panier-des-sens.jpg\",\"width\":1716,\"height\":973},{\"@type\":\"BreadcrumbList\",\"@id\":\"https:\/\/lafarandole-vaison.fr\/lafarandole-vaison.fr\/en\/197-2\/#breadcrumb\",\"itemListElement\":[{\"@type\":\"ListItem\",\"position\":1,\"name\":\"Accueil\",\"item\":\"https:\/\/lafarandole-vaison.fr\/lafarandole-vaison.fr\/\"},{\"@type\":\"ListItem\",\"position\":2,\"name\":\"Scents of Provence\"}]},{\"@type\":\"WebSite\",\"@id\":\"https:\/\/lafarandole-vaison.fr\/lafarandole-vaison.fr\/#website\",\"url\":\"https:\/\/lafarandole-vaison.fr\/lafarandole-vaison.fr\/\",\"name\":\"La Farandole\",\"description\":\"\",\"publisher\":{\"@id\":\"https:\/\/lafarandole-vaison.fr\/lafarandole-vaison.fr\/#organization\"},\"potentialAction\":[{\"@type\":\"SearchAction\",\"target\":{\"@type\":\"EntryPoint\",\"urlTemplate\":\"https:\/\/lafarandole-vaison.fr\/lafarandole-vaison.fr\/?s={search_term_string}\"},\"query-input\":{\"@type\":\"PropertyValueSpecification\",\"valueRequired\":true,\"valueName\":\"search_term_string\"}}],\"inLanguage\":\"fr-FR\"},{\"@type\":\"Organization\",\"@id\":\"https:\/\/lafarandole-vaison.fr\/lafarandole-vaison.fr\/#organization\",\"name\":\"La Farandole\",\"url\":\"https:\/\/lafarandole-vaison.fr\/lafarandole-vaison.fr\/\",\"logo\":{\"@type\":\"ImageObject\",\"inLanguage\":\"fr-FR\",\"@id\":\"https:\/\/lafarandole-vaison.fr\/lafarandole-vaison.fr\/#\/schema\/logo\/image\/\",\"url\":\"https:\/\/lafarandole-vaison.fr\/lafarandole-vaison.fr\/wp-content\/uploads\/2016\/03\/logo-la-farandole-04.png\",\"contentUrl\":\"https:\/\/lafarandole-vaison.fr\/lafarandole-vaison.fr\/wp-content\/uploads\/2016\/03\/logo-la-farandole-04.png\",\"width\":129,\"height\":40,\"caption\":\"La Farandole\"},\"image\":{\"@id\":\"https:\/\/lafarandole-vaison.fr\/lafarandole-vaison.fr\/#\/schema\/logo\/image\/\"}},{\"@type\":\"Person\",\"@id\":\"https:\/\/lafarandole-vaison.fr\/lafarandole-vaison.fr\/#\/schema\/person\/3d8cd0362e79b91ec3da0763a49596e9\",\"name\":\"Camille Leydier\",\"image\":{\"@type\":\"ImageObject\",\"inLanguage\":\"fr-FR\",\"@id\":\"https:\/\/lafarandole-vaison.fr\/lafarandole-vaison.fr\/#\/schema\/person\/image\/\",\"url\":\"https:\/\/secure.gravatar.com\/avatar\/853e994008bd3a97b60a23e5ba53cb30?s=96&d=blank&r=g\",\"contentUrl\":\"https:\/\/secure.gravatar.com\/avatar\/853e994008bd3a97b60a23e5ba53cb30?s=96&d=blank&r=g\",\"caption\":\"Camille Leydier\"},\"url\":\"https:\/\/lafarandole-vaison.fr\/lafarandole-vaison.fr\/author\/camille\/\"}]}<\/script>\n<!-- \/ Yoast SEO plugin. -->","yoast_head_json":{"title":"Scents of Provence - La Farandole","robots":{"index":"index","follow":"follow","max-snippet":"max-snippet:-1","max-image-preview":"max-image-preview:large","max-video-preview":"max-video-preview:-1"},"canonical":"https:\/\/lafarandole-vaison.fr\/lafarandole-vaison.fr\/en\/197-2\/","og_locale":"fr_FR","og_type":"article","og_title":"Scents of Provence - La Farandole","og_description":"Since February we offer a new line of scents that attracted us both its aesthetics and the quality of products. Indeed, it is in the South of France that the products \u00ab\u00a0Panier des Sens\u00a0\u00bb were born. Inspired raw materials and expertise Mediterranean, care ranges, toilet and fresh water, magnify the beauty of Provence through elegant [&hellip;]","og_url":"https:\/\/lafarandole-vaison.fr\/lafarandole-vaison.fr\/en\/197-2\/","og_site_name":"La Farandole","article_published_time":"2016-03-23T10:06:26+00:00","article_modified_time":"2016-05-08T10:25:26+00:00","og_image":[{"width":1716,"height":973,"url":"https:\/\/lafarandole-vaison.fr\/lafarandole-vaison.fr\/wp-content\/uploads\/2016\/03\/panier-des-sens.jpg","type":"image\/jpeg"}],"author":"Camille Leydier","twitter_card":"summary_large_image","twitter_misc":{"\u00c9crit par":"Camille Leydier","Dur\u00e9e de lecture estim\u00e9e":"1 minute"},"schema":{"@context":"https:\/\/schema.org","@graph":[{"@type":"Article","@id":"https:\/\/lafarandole-vaison.fr\/lafarandole-vaison.fr\/en\/197-2\/#article","isPartOf":{"@id":"https:\/\/lafarandole-vaison.fr\/lafarandole-vaison.fr\/en\/197-2\/"},"author":{"name":"Camille Leydier","@id":"https:\/\/lafarandole-vaison.fr\/lafarandole-vaison.fr\/#\/schema\/person\/3d8cd0362e79b91ec3da0763a49596e9"},"headline":"Scents of Provence","datePublished":"2016-03-23T10:06:26+00:00","dateModified":"2016-05-08T10:25:26+00:00","mainEntityOfPage":{"@id":"https:\/\/lafarandole-vaison.fr\/lafarandole-vaison.fr\/en\/197-2\/"},"wordCount":187,"publisher":{"@id":"https:\/\/lafarandole-vaison.fr\/lafarandole-vaison.fr\/#organization"},"image":{"@id":"https:\/\/lafarandole-vaison.fr\/lafarandole-vaison.fr\/en\/197-2\/#primaryimage"},"thumbnailUrl":"https:\/\/lafarandole-vaison.fr\/lafarandole-vaison.fr\/wp-content\/uploads\/2016\/03\/panier-des-sens.jpg","articleSection":["beauty"],"inLanguage":"fr-FR"},{"@type":"WebPage","@id":"https:\/\/lafarandole-vaison.fr\/lafarandole-vaison.fr\/en\/197-2\/","url":"https:\/\/lafarandole-vaison.fr\/lafarandole-vaison.fr\/en\/197-2\/","name":"Scents of Provence - La Farandole","isPartOf":{"@id":"https:\/\/lafarandole-vaison.fr\/lafarandole-vaison.fr\/#website"},"primaryImageOfPage":{"@id":"https:\/\/lafarandole-vaison.fr\/lafarandole-vaison.fr\/en\/197-2\/#primaryimage"},"image":{"@id":"https:\/\/lafarandole-vaison.fr\/lafarandole-vaison.fr\/en\/197-2\/#primaryimage"},"thumbnailUrl":"https:\/\/lafarandole-vaison.fr\/lafarandole-vaison.fr\/wp-content\/uploads\/2016\/03\/panier-des-sens.jpg","datePublished":"2016-03-23T10:06:26+00:00","dateModified":"2016-05-08T10:25:26+00:00","breadcrumb":{"@id":"https:\/\/lafarandole-vaison.fr\/lafarandole-vaison.fr\/en\/197-2\/#breadcrumb"},"inLanguage":"fr-FR","potentialAction":[{"@type":"ReadAction","target":["https:\/\/lafarandole-vaison.fr\/lafarandole-vaison.fr\/en\/197-2\/"]}]},{"@type":"ImageObject","inLanguage":"fr-FR","@id":"https:\/\/lafarandole-vaison.fr\/lafarandole-vaison.fr\/en\/197-2\/#primaryimage","url":"https:\/\/lafarandole-vaison.fr\/lafarandole-vaison.fr\/wp-content\/uploads\/2016\/03\/panier-des-sens.jpg","contentUrl":"https:\/\/lafarandole-vaison.fr\/lafarandole-vaison.fr\/wp-content\/uploads\/2016\/03\/panier-des-sens.jpg","width":1716,"height":973},{"@type":"BreadcrumbList","@id":"https:\/\/lafarandole-vaison.fr\/lafarandole-vaison.fr\/en\/197-2\/#breadcrumb","itemListElement":[{"@type":"ListItem","position":1,"name":"Accueil","item":"https:\/\/lafarandole-vaison.fr\/lafarandole-vaison.fr\/"},{"@type":"ListItem","position":2,"name":"Scents of Provence"}]},{"@type":"WebSite","@id":"https:\/\/lafarandole-vaison.fr\/lafarandole-vaison.fr\/#website","url":"https:\/\/lafarandole-vaison.fr\/lafarandole-vaison.fr\/","name":"La Farandole","description":"","publisher":{"@id":"https:\/\/lafarandole-vaison.fr\/lafarandole-vaison.fr\/#organization"},"potentialAction":[{"@type":"SearchAction","target":{"@type":"EntryPoint","urlTemplate":"https:\/\/lafarandole-vaison.fr\/lafarandole-vaison.fr\/?s={search_term_string}"},"query-input":{"@type":"PropertyValueSpecification","valueRequired":true,"valueName":"search_term_string"}}],"inLanguage":"fr-FR"},{"@type":"Organization","@id":"https:\/\/lafarandole-vaison.fr\/lafarandole-vaison.fr\/#organization","name":"La Farandole","url":"https:\/\/lafarandole-vaison.fr\/lafarandole-vaison.fr\/","logo":{"@type":"ImageObject","inLanguage":"fr-FR","@id":"https:\/\/lafarandole-vaison.fr\/lafarandole-vaison.fr\/#\/schema\/logo\/image\/","url":"https:\/\/lafarandole-vaison.fr\/lafarandole-vaison.fr\/wp-content\/uploads\/2016\/03\/logo-la-farandole-04.png","contentUrl":"https:\/\/lafarandole-vaison.fr\/lafarandole-vaison.fr\/wp-content\/uploads\/2016\/03\/logo-la-farandole-04.png","width":129,"height":40,"caption":"La Farandole"},"image":{"@id":"https:\/\/lafarandole-vaison.fr\/lafarandole-vaison.fr\/#\/schema\/logo\/image\/"}},{"@type":"Person","@id":"https:\/\/lafarandole-vaison.fr\/lafarandole-vaison.fr\/#\/schema\/person\/3d8cd0362e79b91ec3da0763a49596e9","name":"Camille Leydier","image":{"@type":"ImageObject","inLanguage":"fr-FR","@id":"https:\/\/lafarandole-vaison.fr\/lafarandole-vaison.fr\/#\/schema\/person\/image\/","url":"https:\/\/secure.gravatar.com\/avatar\/853e994008bd3a97b60a23e5ba53cb30?s=96&d=blank&r=g","contentUrl":"https:\/\/secure.gravatar.com\/avatar\/853e994008bd3a97b60a23e5ba53cb30?s=96&d=blank&r=g","caption":"Camille Leydier"},"url":"https:\/\/lafarandole-vaison.fr\/lafarandole-vaison.fr\/author\/camille\/"}]}},"_links":{"self":[{"href":"https:\/\/lafarandole-vaison.fr\/lafarandole-vaison.fr\/wp-json\/wp\/v2\/posts\/197"}],"collection":[{"href":"https:\/\/lafarandole-vaison.fr\/lafarandole-vaison.fr\/wp-json\/wp\/v2\/posts"}],"about":[{"href":"https:\/\/lafarandole-vaison.fr\/lafarandole-vaison.fr\/wp-json\/wp\/v2\/types\/post"}],"author":[{"embeddable":true,"href":"https:\/\/lafarandole-vaison.fr\/lafarandole-vaison.fr\/wp-json\/wp\/v2\/users\/2"}],"replies":[{"embeddable":true,"href":"https:\/\/lafarandole-vaison.fr\/lafarandole-vaison.fr\/wp-json\/wp\/v2\/comments?post=197"}],"version-history":[{"count":1,"href":"https:\/\/lafarandole-vaison.fr\/lafarandole-vaison.fr\/wp-json\/wp\/v2\/posts\/197\/revisions"}],"predecessor-version":[{"id":198,"href":"https:\/\/lafarandole-vaison.fr\/lafarandole-vaison.fr\/wp-json\/wp\/v2\/posts\/197\/revisions\/198"}],"wp:featuredmedia":[{"embeddable":true,"href":"https:\/\/lafarandole-vaison.fr\/lafarandole-vaison.fr\/wp-json\/wp\/v2\/media\/155"}],"wp:attachment":[{"href":"https:\/\/lafarandole-vaison.fr\/lafarandole-vaison.fr\/wp-json\/wp\/v2\/media?parent=197"}],"wp:term":[{"taxonomy":"category","embeddable":true,"href":"https:\/\/lafarandole-vaison.fr\/lafarandole-vaison.fr\/wp-json\/wp\/v2\/categories?post=197"},{"taxonomy":"post_tag","embeddable":true,"href":"https:\/\/lafarandole-vaison.fr\/lafarandole-vaison.fr\/wp-json\/wp\/v2\/tags?post=197"}],"curies":[{"name":"wp","href":"https:\/\/api.w.org\/{rel}","templated":true}]}}