{"id":151,"date":"2016-03-23T10:46:14","date_gmt":"2016-03-23T09:46:14","guid":{"rendered":"http:\/\/lafarandole-vaison.fr\/lafarandole-vaison.fr\/?p=151"},"modified":"2016-03-23T10:49:17","modified_gmt":"2016-03-23T09:49:17","slug":"senteurs-de-provence","status":"publish","type":"post","link":"https:\/\/lafarandole-vaison.fr\/lafarandole-vaison.fr\/senteurs-de-provence\/","title":{"rendered":"Senteurs de Provence"},"content":{"rendered":"<p>Nous vous proposons depuis f\u00e9vrier\u00a0une nouvelle gamme de senteurs\u00a0qui nous a s\u00e9duit tant\u00a0par son esth\u00e9tique que par la qualit\u00e9 des produits.<\/p>\n<p>En effet, c\u2019est dans le Sud de la France que les produits \u00ab\u00a0Panier des Sens\u00a0\u00bb ont vu le jour. Inspir\u00e9es des mati\u00e8res premi\u00e8res et savoir-faire M\u00e9diterran\u00e9ens, les gammes de soins, de toilette et d\u2019eaux fra\u00eeches, magnifient la beaut\u00e9 de la Provence au travers de produits \u00e9l\u00e9gants aux textures subtiles et aux parfums raffin\u00e9s.<\/p>\n<p>Associant nature et recherche, il\u00a0recueille\u00a0le meilleur de la Provence pour \u00e9laborer des soins \u00e0 partir d\u2019ingr\u00e9dients et de principes actifs naturels, simples et authentiques.<\/p>\n<p>\u00ab\u00a0Panier des Sens\u00a0\u00bb choisit d\u00e9lib\u00e9r\u00e9ment la majorit\u00e9 de ses partenaires sur place afin de soutenir le d\u00e9veloppement du tissu \u00e9conomique local. La marque tisse des liens humains sinc\u00e8res avec les producteurs qui participent \u00e0 la pr\u00e9servation des paysages, du patrimoine mais \u00e9galement des emplois de la r\u00e9gion.<\/p>\n<p>Il cr\u00e9e\u00a0des formules concentr\u00e9es en actifs naturels et en huiles essentielles\u00a0et s&rsquo;engagent\u00a0\u00e0 d\u00e9velopper des produits \u00e0 la fois efficaces et respectueux de l\u2019environnement. Ainsi les produits Panier des Sens sont garantis sans :<\/p>\n<ul>\n<li>Paraben<\/li>\n<li>Ph\u00e9noxy\u00e9thanol<\/li>\n<li>Silicones<\/li>\n<li>Aluminium<\/li>\n<\/ul>\n<p>L\u2019ensemble des produits Panier des Sens est garanti non test\u00e9 sur les animaux.<\/p>\n<p>N&rsquo;h\u00e9sitez pas \u00e0 venir essayer\u00a0ces nouveaut\u00e9s en magasin.<\/p>\n<p>&nbsp;<\/p>\n<div id=\"themify_builder_content-151\" data-postid=\"151\" class=\"themify_builder_content themify_builder_content-151 themify_builder themify_builder_front\">\n\n\t<\/div>\n<!-- \/themify_builder_content -->","protected":false},"excerpt":{"rendered":"<p>Nous vous proposons depuis f\u00e9vrier\u00a0une nouvelle gamme de senteurs\u00a0qui nous a s\u00e9duit tant\u00a0par son esth\u00e9tique que par la qualit\u00e9 des produits. En effet, c\u2019est dans le Sud de la France que les produits \u00ab\u00a0Panier des Sens\u00a0\u00bb ont vu le jour. Inspir\u00e9es des mati\u00e8res premi\u00e8res et savoir-faire M\u00e9diterran\u00e9ens, les gammes de soins, de toilette et d\u2019eaux [&hellip;]<\/p>\n","protected":false},"author":2,"featured_media":155,"comment_status":"closed","ping_status":"open","sticky":false,"template":"","format":"standard","meta":{"footnotes":""},"categories":[62],"tags":[],"class_list":["post-151","post","type-post","status-publish","format-standard","has-post-thumbnail","hentry","category-beaute","has-post-title","has-post-date","has-post-category","has-post-tag","has-post-comment","has-post-author"],"yoast_head":"<!-- This site is optimized with the Yoast SEO plugin v23.4 - https:\/\/yoast.com\/wordpress\/plugins\/seo\/ -->\n<title>Senteurs de Provence - La Farandole<\/title>\n<meta name=\"robots\" content=\"index, follow, max-snippet:-1, max-image-preview:large, max-video-preview:-1\" \/>\n<link rel=\"canonical\" href=\"https:\/\/lafarandole-vaison.fr\/lafarandole-vaison.fr\/senteurs-de-provence\/\" \/>\n<meta property=\"og:locale\" content=\"fr_FR\" \/>\n<meta property=\"og:type\" content=\"article\" \/>\n<meta property=\"og:title\" content=\"Senteurs de Provence - La Farandole\" \/>\n<meta property=\"og:description\" content=\"Nous vous proposons depuis f\u00e9vrier\u00a0une nouvelle gamme de senteurs\u00a0qui nous a s\u00e9duit tant\u00a0par son esth\u00e9tique que par la qualit\u00e9 des produits. En effet, c\u2019est dans le Sud de la France que les produits \u00ab\u00a0Panier des Sens\u00a0\u00bb ont vu le jour. Inspir\u00e9es des mati\u00e8res premi\u00e8res et savoir-faire M\u00e9diterran\u00e9ens, les gammes de soins, de toilette et d\u2019eaux [&hellip;]\" \/>\n<meta property=\"og:url\" content=\"https:\/\/lafarandole-vaison.fr\/lafarandole-vaison.fr\/senteurs-de-provence\/\" \/>\n<meta property=\"og:site_name\" content=\"La Farandole\" \/>\n<meta property=\"article:published_time\" content=\"2016-03-23T09:46:14+00:00\" \/>\n<meta property=\"article:modified_time\" content=\"2016-03-23T09:49:17+00:00\" \/>\n<meta property=\"og:image\" content=\"https:\/\/lafarandole-vaison.fr\/lafarandole-vaison.fr\/wp-content\/uploads\/2016\/03\/panier-des-sens.jpg\" \/>\n\t<meta property=\"og:image:width\" content=\"1716\" \/>\n\t<meta property=\"og:image:height\" content=\"973\" \/>\n\t<meta property=\"og:image:type\" content=\"image\/jpeg\" \/>\n<meta name=\"author\" content=\"Camille Leydier\" \/>\n<meta name=\"twitter:card\" content=\"summary_large_image\" \/>\n<meta name=\"twitter:label1\" content=\"\u00c9crit par\" \/>\n\t<meta name=\"twitter:data1\" content=\"Camille Leydier\" \/>\n\t<meta name=\"twitter:label2\" content=\"Dur\u00e9e de lecture estim\u00e9e\" \/>\n\t<meta name=\"twitter:data2\" content=\"1 minute\" \/>\n<script type=\"application\/ld+json\" class=\"yoast-schema-graph\">{\"@context\":\"https:\/\/schema.org\",\"@graph\":[{\"@type\":\"Article\",\"@id\":\"https:\/\/lafarandole-vaison.fr\/lafarandole-vaison.fr\/senteurs-de-provence\/#article\",\"isPartOf\":{\"@id\":\"https:\/\/lafarandole-vaison.fr\/lafarandole-vaison.fr\/senteurs-de-provence\/\"},\"author\":{\"name\":\"Camille Leydier\",\"@id\":\"https:\/\/lafarandole-vaison.fr\/lafarandole-vaison.fr\/#\/schema\/person\/3d8cd0362e79b91ec3da0763a49596e9\"},\"headline\":\"Senteurs de Provence\",\"datePublished\":\"2016-03-23T09:46:14+00:00\",\"dateModified\":\"2016-03-23T09:49:17+00:00\",\"mainEntityOfPage\":{\"@id\":\"https:\/\/lafarandole-vaison.fr\/lafarandole-vaison.fr\/senteurs-de-provence\/\"},\"wordCount\":241,\"publisher\":{\"@id\":\"https:\/\/lafarandole-vaison.fr\/lafarandole-vaison.fr\/#organization\"},\"image\":{\"@id\":\"https:\/\/lafarandole-vaison.fr\/lafarandole-vaison.fr\/senteurs-de-provence\/#primaryimage\"},\"thumbnailUrl\":\"https:\/\/lafarandole-vaison.fr\/lafarandole-vaison.fr\/wp-content\/uploads\/2016\/03\/panier-des-sens.jpg\",\"articleSection\":[\"beaut\u00e9\"],\"inLanguage\":\"fr-FR\"},{\"@type\":\"WebPage\",\"@id\":\"https:\/\/lafarandole-vaison.fr\/lafarandole-vaison.fr\/senteurs-de-provence\/\",\"url\":\"https:\/\/lafarandole-vaison.fr\/lafarandole-vaison.fr\/senteurs-de-provence\/\",\"name\":\"Senteurs de Provence - La Farandole\",\"isPartOf\":{\"@id\":\"https:\/\/lafarandole-vaison.fr\/lafarandole-vaison.fr\/#website\"},\"primaryImageOfPage\":{\"@id\":\"https:\/\/lafarandole-vaison.fr\/lafarandole-vaison.fr\/senteurs-de-provence\/#primaryimage\"},\"image\":{\"@id\":\"https:\/\/lafarandole-vaison.fr\/lafarandole-vaison.fr\/senteurs-de-provence\/#primaryimage\"},\"thumbnailUrl\":\"https:\/\/lafarandole-vaison.fr\/lafarandole-vaison.fr\/wp-content\/uploads\/2016\/03\/panier-des-sens.jpg\",\"datePublished\":\"2016-03-23T09:46:14+00:00\",\"dateModified\":\"2016-03-23T09:49:17+00:00\",\"breadcrumb\":{\"@id\":\"https:\/\/lafarandole-vaison.fr\/lafarandole-vaison.fr\/senteurs-de-provence\/#breadcrumb\"},\"inLanguage\":\"fr-FR\",\"potentialAction\":[{\"@type\":\"ReadAction\",\"target\":[\"https:\/\/lafarandole-vaison.fr\/lafarandole-vaison.fr\/senteurs-de-provence\/\"]}]},{\"@type\":\"ImageObject\",\"inLanguage\":\"fr-FR\",\"@id\":\"https:\/\/lafarandole-vaison.fr\/lafarandole-vaison.fr\/senteurs-de-provence\/#primaryimage\",\"url\":\"https:\/\/lafarandole-vaison.fr\/lafarandole-vaison.fr\/wp-content\/uploads\/2016\/03\/panier-des-sens.jpg\",\"contentUrl\":\"https:\/\/lafarandole-vaison.fr\/lafarandole-vaison.fr\/wp-content\/uploads\/2016\/03\/panier-des-sens.jpg\",\"width\":1716,\"height\":973},{\"@type\":\"BreadcrumbList\",\"@id\":\"https:\/\/lafarandole-vaison.fr\/lafarandole-vaison.fr\/senteurs-de-provence\/#breadcrumb\",\"itemListElement\":[{\"@type\":\"ListItem\",\"position\":1,\"name\":\"Accueil\",\"item\":\"https:\/\/lafarandole-vaison.fr\/lafarandole-vaison.fr\/\"},{\"@type\":\"ListItem\",\"position\":2,\"name\":\"Senteurs de Provence\"}]},{\"@type\":\"WebSite\",\"@id\":\"https:\/\/lafarandole-vaison.fr\/lafarandole-vaison.fr\/#website\",\"url\":\"https:\/\/lafarandole-vaison.fr\/lafarandole-vaison.fr\/\",\"name\":\"La Farandole\",\"description\":\"\",\"publisher\":{\"@id\":\"https:\/\/lafarandole-vaison.fr\/lafarandole-vaison.fr\/#organization\"},\"potentialAction\":[{\"@type\":\"SearchAction\",\"target\":{\"@type\":\"EntryPoint\",\"urlTemplate\":\"https:\/\/lafarandole-vaison.fr\/lafarandole-vaison.fr\/?s={search_term_string}\"},\"query-input\":{\"@type\":\"PropertyValueSpecification\",\"valueRequired\":true,\"valueName\":\"search_term_string\"}}],\"inLanguage\":\"fr-FR\"},{\"@type\":\"Organization\",\"@id\":\"https:\/\/lafarandole-vaison.fr\/lafarandole-vaison.fr\/#organization\",\"name\":\"La Farandole\",\"url\":\"https:\/\/lafarandole-vaison.fr\/lafarandole-vaison.fr\/\",\"logo\":{\"@type\":\"ImageObject\",\"inLanguage\":\"fr-FR\",\"@id\":\"https:\/\/lafarandole-vaison.fr\/lafarandole-vaison.fr\/#\/schema\/logo\/image\/\",\"url\":\"https:\/\/lafarandole-vaison.fr\/lafarandole-vaison.fr\/wp-content\/uploads\/2016\/03\/logo-la-farandole-04.png\",\"contentUrl\":\"https:\/\/lafarandole-vaison.fr\/lafarandole-vaison.fr\/wp-content\/uploads\/2016\/03\/logo-la-farandole-04.png\",\"width\":129,\"height\":40,\"caption\":\"La Farandole\"},\"image\":{\"@id\":\"https:\/\/lafarandole-vaison.fr\/lafarandole-vaison.fr\/#\/schema\/logo\/image\/\"}},{\"@type\":\"Person\",\"@id\":\"https:\/\/lafarandole-vaison.fr\/lafarandole-vaison.fr\/#\/schema\/person\/3d8cd0362e79b91ec3da0763a49596e9\",\"name\":\"Camille Leydier\",\"image\":{\"@type\":\"ImageObject\",\"inLanguage\":\"fr-FR\",\"@id\":\"https:\/\/lafarandole-vaison.fr\/lafarandole-vaison.fr\/#\/schema\/person\/image\/\",\"url\":\"https:\/\/secure.gravatar.com\/avatar\/853e994008bd3a97b60a23e5ba53cb30?s=96&d=blank&r=g\",\"contentUrl\":\"https:\/\/secure.gravatar.com\/avatar\/853e994008bd3a97b60a23e5ba53cb30?s=96&d=blank&r=g\",\"caption\":\"Camille Leydier\"},\"url\":\"https:\/\/lafarandole-vaison.fr\/lafarandole-vaison.fr\/author\/camille\/\"}]}<\/script>\n<!-- \/ Yoast SEO plugin. -->","yoast_head_json":{"title":"Senteurs de Provence - La Farandole","robots":{"index":"index","follow":"follow","max-snippet":"max-snippet:-1","max-image-preview":"max-image-preview:large","max-video-preview":"max-video-preview:-1"},"canonical":"https:\/\/lafarandole-vaison.fr\/lafarandole-vaison.fr\/senteurs-de-provence\/","og_locale":"fr_FR","og_type":"article","og_title":"Senteurs de Provence - La Farandole","og_description":"Nous vous proposons depuis f\u00e9vrier\u00a0une nouvelle gamme de senteurs\u00a0qui nous a s\u00e9duit tant\u00a0par son esth\u00e9tique que par la qualit\u00e9 des produits. En effet, c\u2019est dans le Sud de la France que les produits \u00ab\u00a0Panier des Sens\u00a0\u00bb ont vu le jour. Inspir\u00e9es des mati\u00e8res premi\u00e8res et savoir-faire M\u00e9diterran\u00e9ens, les gammes de soins, de toilette et d\u2019eaux [&hellip;]","og_url":"https:\/\/lafarandole-vaison.fr\/lafarandole-vaison.fr\/senteurs-de-provence\/","og_site_name":"La Farandole","article_published_time":"2016-03-23T09:46:14+00:00","article_modified_time":"2016-03-23T09:49:17+00:00","og_image":[{"width":1716,"height":973,"url":"https:\/\/lafarandole-vaison.fr\/lafarandole-vaison.fr\/wp-content\/uploads\/2016\/03\/panier-des-sens.jpg","type":"image\/jpeg"}],"author":"Camille Leydier","twitter_card":"summary_large_image","twitter_misc":{"\u00c9crit par":"Camille Leydier","Dur\u00e9e de lecture estim\u00e9e":"1 minute"},"schema":{"@context":"https:\/\/schema.org","@graph":[{"@type":"Article","@id":"https:\/\/lafarandole-vaison.fr\/lafarandole-vaison.fr\/senteurs-de-provence\/#article","isPartOf":{"@id":"https:\/\/lafarandole-vaison.fr\/lafarandole-vaison.fr\/senteurs-de-provence\/"},"author":{"name":"Camille Leydier","@id":"https:\/\/lafarandole-vaison.fr\/lafarandole-vaison.fr\/#\/schema\/person\/3d8cd0362e79b91ec3da0763a49596e9"},"headline":"Senteurs de Provence","datePublished":"2016-03-23T09:46:14+00:00","dateModified":"2016-03-23T09:49:17+00:00","mainEntityOfPage":{"@id":"https:\/\/lafarandole-vaison.fr\/lafarandole-vaison.fr\/senteurs-de-provence\/"},"wordCount":241,"publisher":{"@id":"https:\/\/lafarandole-vaison.fr\/lafarandole-vaison.fr\/#organization"},"image":{"@id":"https:\/\/lafarandole-vaison.fr\/lafarandole-vaison.fr\/senteurs-de-provence\/#primaryimage"},"thumbnailUrl":"https:\/\/lafarandole-vaison.fr\/lafarandole-vaison.fr\/wp-content\/uploads\/2016\/03\/panier-des-sens.jpg","articleSection":["beaut\u00e9"],"inLanguage":"fr-FR"},{"@type":"WebPage","@id":"https:\/\/lafarandole-vaison.fr\/lafarandole-vaison.fr\/senteurs-de-provence\/","url":"https:\/\/lafarandole-vaison.fr\/lafarandole-vaison.fr\/senteurs-de-provence\/","name":"Senteurs de Provence - La Farandole","isPartOf":{"@id":"https:\/\/lafarandole-vaison.fr\/lafarandole-vaison.fr\/#website"},"primaryImageOfPage":{"@id":"https:\/\/lafarandole-vaison.fr\/lafarandole-vaison.fr\/senteurs-de-provence\/#primaryimage"},"image":{"@id":"https:\/\/lafarandole-vaison.fr\/lafarandole-vaison.fr\/senteurs-de-provence\/#primaryimage"},"thumbnailUrl":"https:\/\/lafarandole-vaison.fr\/lafarandole-vaison.fr\/wp-content\/uploads\/2016\/03\/panier-des-sens.jpg","datePublished":"2016-03-23T09:46:14+00:00","dateModified":"2016-03-23T09:49:17+00:00","breadcrumb":{"@id":"https:\/\/lafarandole-vaison.fr\/lafarandole-vaison.fr\/senteurs-de-provence\/#breadcrumb"},"inLanguage":"fr-FR","potentialAction":[{"@type":"ReadAction","target":["https:\/\/lafarandole-vaison.fr\/lafarandole-vaison.fr\/senteurs-de-provence\/"]}]},{"@type":"ImageObject","inLanguage":"fr-FR","@id":"https:\/\/lafarandole-vaison.fr\/lafarandole-vaison.fr\/senteurs-de-provence\/#primaryimage","url":"https:\/\/lafarandole-vaison.fr\/lafarandole-vaison.fr\/wp-content\/uploads\/2016\/03\/panier-des-sens.jpg","contentUrl":"https:\/\/lafarandole-vaison.fr\/lafarandole-vaison.fr\/wp-content\/uploads\/2016\/03\/panier-des-sens.jpg","width":1716,"height":973},{"@type":"BreadcrumbList","@id":"https:\/\/lafarandole-vaison.fr\/lafarandole-vaison.fr\/senteurs-de-provence\/#breadcrumb","itemListElement":[{"@type":"ListItem","position":1,"name":"Accueil","item":"https:\/\/lafarandole-vaison.fr\/lafarandole-vaison.fr\/"},{"@type":"ListItem","position":2,"name":"Senteurs de Provence"}]},{"@type":"WebSite","@id":"https:\/\/lafarandole-vaison.fr\/lafarandole-vaison.fr\/#website","url":"https:\/\/lafarandole-vaison.fr\/lafarandole-vaison.fr\/","name":"La Farandole","description":"","publisher":{"@id":"https:\/\/lafarandole-vaison.fr\/lafarandole-vaison.fr\/#organization"},"potentialAction":[{"@type":"SearchAction","target":{"@type":"EntryPoint","urlTemplate":"https:\/\/lafarandole-vaison.fr\/lafarandole-vaison.fr\/?s={search_term_string}"},"query-input":{"@type":"PropertyValueSpecification","valueRequired":true,"valueName":"search_term_string"}}],"inLanguage":"fr-FR"},{"@type":"Organization","@id":"https:\/\/lafarandole-vaison.fr\/lafarandole-vaison.fr\/#organization","name":"La Farandole","url":"https:\/\/lafarandole-vaison.fr\/lafarandole-vaison.fr\/","logo":{"@type":"ImageObject","inLanguage":"fr-FR","@id":"https:\/\/lafarandole-vaison.fr\/lafarandole-vaison.fr\/#\/schema\/logo\/image\/","url":"https:\/\/lafarandole-vaison.fr\/lafarandole-vaison.fr\/wp-content\/uploads\/2016\/03\/logo-la-farandole-04.png","contentUrl":"https:\/\/lafarandole-vaison.fr\/lafarandole-vaison.fr\/wp-content\/uploads\/2016\/03\/logo-la-farandole-04.png","width":129,"height":40,"caption":"La Farandole"},"image":{"@id":"https:\/\/lafarandole-vaison.fr\/lafarandole-vaison.fr\/#\/schema\/logo\/image\/"}},{"@type":"Person","@id":"https:\/\/lafarandole-vaison.fr\/lafarandole-vaison.fr\/#\/schema\/person\/3d8cd0362e79b91ec3da0763a49596e9","name":"Camille Leydier","image":{"@type":"ImageObject","inLanguage":"fr-FR","@id":"https:\/\/lafarandole-vaison.fr\/lafarandole-vaison.fr\/#\/schema\/person\/image\/","url":"https:\/\/secure.gravatar.com\/avatar\/853e994008bd3a97b60a23e5ba53cb30?s=96&d=blank&r=g","contentUrl":"https:\/\/secure.gravatar.com\/avatar\/853e994008bd3a97b60a23e5ba53cb30?s=96&d=blank&r=g","caption":"Camille Leydier"},"url":"https:\/\/lafarandole-vaison.fr\/lafarandole-vaison.fr\/author\/camille\/"}]}},"_links":{"self":[{"href":"https:\/\/lafarandole-vaison.fr\/lafarandole-vaison.fr\/wp-json\/wp\/v2\/posts\/151"}],"collection":[{"href":"https:\/\/lafarandole-vaison.fr\/lafarandole-vaison.fr\/wp-json\/wp\/v2\/posts"}],"about":[{"href":"https:\/\/lafarandole-vaison.fr\/lafarandole-vaison.fr\/wp-json\/wp\/v2\/types\/post"}],"author":[{"embeddable":true,"href":"https:\/\/lafarandole-vaison.fr\/lafarandole-vaison.fr\/wp-json\/wp\/v2\/users\/2"}],"replies":[{"embeddable":true,"href":"https:\/\/lafarandole-vaison.fr\/lafarandole-vaison.fr\/wp-json\/wp\/v2\/comments?post=151"}],"version-history":[{"count":3,"href":"https:\/\/lafarandole-vaison.fr\/lafarandole-vaison.fr\/wp-json\/wp\/v2\/posts\/151\/revisions"}],"predecessor-version":[{"id":196,"href":"https:\/\/lafarandole-vaison.fr\/lafarandole-vaison.fr\/wp-json\/wp\/v2\/posts\/151\/revisions\/196"}],"wp:featuredmedia":[{"embeddable":true,"href":"https:\/\/lafarandole-vaison.fr\/lafarandole-vaison.fr\/wp-json\/wp\/v2\/media\/155"}],"wp:attachment":[{"href":"https:\/\/lafarandole-vaison.fr\/lafarandole-vaison.fr\/wp-json\/wp\/v2\/media?parent=151"}],"wp:term":[{"taxonomy":"category","embeddable":true,"href":"https:\/\/lafarandole-vaison.fr\/lafarandole-vaison.fr\/wp-json\/wp\/v2\/categories?post=151"},{"taxonomy":"post_tag","embeddable":true,"href":"https:\/\/lafarandole-vaison.fr\/lafarandole-vaison.fr\/wp-json\/wp\/v2\/tags?post=151"}],"curies":[{"name":"wp","href":"https:\/\/api.w.org\/{rel}","templated":true}]}}